{"id":9527,"date":"2025-01-27T09:10:39","date_gmt":"2025-01-27T08:10:39","guid":{"rendered":"https:\/\/www.24hvttcrapauds.com\/AMSQ\/?p=9527"},"modified":"2025-01-27T19:09:30","modified_gmt":"2025-01-27T18:09:30","slug":"2025-01-26-verdun-canitrail-des-poilus","status":"publish","type":"post","link":"https:\/\/www.24hvttcrapauds.com\/AMSQ\/2025\/01\/27\/2025-01-26-verdun-canitrail-des-poilus\/","title":{"rendered":"2025-01-26 Verdun : Canitrail des Poilus !"},"content":{"rendered":"\n<figure class=\"wp-block-image size-full is-resized\"><a href=\"https:\/\/photos.app.goo.gl\/rArUaUtcYFHD74fe9\" target=\"_blank\" rel=\" noreferrer noopener\"><img loading=\"lazy\" decoding=\"async\" width=\"800\" height=\"420\" src=\"https:\/\/www.24hvttcrapauds.com\/AMSQ\/wp-content\/uploads\/2025\/01\/Canicross-de-Verdun-1.jpg\" alt=\"\" class=\"wp-image-9528\" style=\"width:960px;height:auto\" srcset=\"https:\/\/www.24hvttcrapauds.com\/AMSQ\/wp-content\/uploads\/2025\/01\/Canicross-de-Verdun-1.jpg 800w, https:\/\/www.24hvttcrapauds.com\/AMSQ\/wp-content\/uploads\/2025\/01\/Canicross-de-Verdun-1-300x158.jpg 300w, https:\/\/www.24hvttcrapauds.com\/AMSQ\/wp-content\/uploads\/2025\/01\/Canicross-de-Verdun-1-768x403.jpg 768w\" sizes=\"auto, (max-width: 800px) 100vw, 800px\" \/><\/a><figcaption class=\"wp-element-caption\">Quelques photos en cliquant sur le chien blanc &#8230;.<\/figcaption><\/figure>\n\n\n\n<p>Un dimanche g\u00e9nial chez nos voisins et copains \u00ab\u00a0Canicross ASPTT Verdun\u00a0\u00bb pour leur 2-\u00e8me organisation du Canitrail des Poilus !<\/p>\n\n\n\n<p>Merci \u00e0 Cecile Hamard et toute son \u00e9quipe de 50 b\u00e9n\u00e9voles pour cette SUPERBE orga \u2026 on a ador\u00e9!!!<br \/>On pourrait dire que \u00ab\u00a0AMSQ Canicross\u00a0\u00bb \u00e9tait \u00e0 l&rsquo;assaut des tranch\u00e9es avec le sourire !<\/p>\n\n\n\n<p>Une belle \u00e9quipe de 14 personnes: canitraileurs, canimarcheurs, juges, fan club, reporter et pr\u00e9parateurs de bin\u00f4mes. Quelle \u00e9quipe ! (Il nous manque Kevyn sur la photo) \u00e0 nous d\u00e9placer en force \u00e0 Verdun pour en d\u00e9battre avec ses tranch\u00e9es et la boue. Bravo \u00e0 tous !!! Vous pouvez tous \u00eatre fiers de vous et vos bin\u00f4mes avec les \u00ab\u00a0toutous\u00a0\u00bb que vous ayez \u00e9t\u00e9 marcheurs, coureurs, juges, fan club ou pr\u00e9parateurs ! Bon repos bien m\u00e9rit\u00e9 apr\u00e8s cette belle \u00e9preuve ! Et surtout plein de courage \u00e0 Aline Rittier notre \u00ab\u00a0warrior\u00a0\u00bb qui aura boucl\u00e9 les 15 km malgr\u00e9 sa cheville !<br \/>Fr\u00e9d\u00e9ric Mercenier, photographe de L&rsquo;Est R\u00e9publicain, a immortalis\u00e9 cette &nbsp;chouette ambiance ! (cliquez sur le bonnet vert en dessous).<br \/>Pour les messins (ou environs) qui veulent tester l&rsquo;activit\u00e9, n&rsquo;h\u00e9sitez pas \u00e0 nous contacter (barre du menu) pour vous joindre \u00e0 nous !<\/p>\n\n\n\n<p>FB du Canitrail des Poilus : <a href=\"https:\/\/www.facebook.com\/Canitraildespoilus\">https:\/\/www.facebook.com\/Canitraildespoilus<\/a><\/p>\n\n\n\n<p>Toute l&rsquo;actualit\u00e9 du Canicross, contact sur : <a href=\"https:\/\/www.facebook.com\/profile.php?id=100065295261655\">https:\/\/www.facebook.com\/profile.php?id=100065295261655<\/a><\/p>\n\n\n\n<p>Une autre galerie de photos : <a href=\"https:\/\/megantimmermansphotography.pixieset.com\/canitraildespoilus\/\">https:\/\/megantimmermansphotography.pixieset.com\/canitraildespoilus\/<\/a><\/p>\n\n\n\n<figure class=\"wp-block-image size-full\"><a href=\"https:\/\/www.estrepublicain.fr\/culture-loisirs\/2025\/01\/26\/grand-verdun-les-plus-belles-photos-du-2e-canitrail-des-poilus\" target=\"_blank\" rel=\" noreferrer noopener\"><img loading=\"lazy\" decoding=\"async\" width=\"768\" height=\"423\" src=\"https:\/\/www.24hvttcrapauds.com\/AMSQ\/wp-content\/uploads\/2025\/01\/Canicross-de-Verdun-4.jpg\" alt=\"\" class=\"wp-image-9529\" srcset=\"https:\/\/www.24hvttcrapauds.com\/AMSQ\/wp-content\/uploads\/2025\/01\/Canicross-de-Verdun-4.jpg 768w, https:\/\/www.24hvttcrapauds.com\/AMSQ\/wp-content\/uploads\/2025\/01\/Canicross-de-Verdun-4-300x165.jpg 300w\" sizes=\"auto, (max-width: 768px) 100vw, 768px\" \/><\/a><figcaption class=\"wp-element-caption\">Galerie Phots de l&rsquo;est R\u00e9publicain cliquez sur le bonnet vert &#8230;.<\/figcaption><\/figure>\n\n\n\n<figure class=\"wp-block-image size-full\"><a href=\"https:\/\/photos.app.goo.gl\/2X842sKDfi9TrPFf6\" target=\"_blank\" rel=\" noreferrer noopener\"><img loading=\"lazy\" decoding=\"async\" width=\"669\" height=\"800\" src=\"https:\/\/www.24hvttcrapauds.com\/AMSQ\/wp-content\/uploads\/2025\/01\/LEst-Republicain-01.jpg\" alt=\"\" class=\"wp-image-9545\" srcset=\"https:\/\/www.24hvttcrapauds.com\/AMSQ\/wp-content\/uploads\/2025\/01\/LEst-Republicain-01.jpg 669w, https:\/\/www.24hvttcrapauds.com\/AMSQ\/wp-content\/uploads\/2025\/01\/LEst-Republicain-01-251x300.jpg 251w\" sizes=\"auto, (max-width: 669px) 100vw, 669px\" \/><\/a><figcaption class=\"wp-element-caption\">Articles de L&rsquo;Est R\u00e9publicain cliquez sur le journal.<\/figcaption><\/figure>\n","protected":false},"excerpt":{"rendered":"<p>Un dimanche g\u00e9nial chez nos voisins et copains \u00ab\u00a0Canicross ASPTT Verdun\u00a0\u00bb pour leur 2-\u00e8me organisation du Canitrail des Poilus ! Merci \u00e0 Cecile Hamard et &hellip; <\/p>\n","protected":false},"author":8,"featured_media":9530,"comment_status":"open","ping_status":"open","sticky":false,"template":"","format":"standard","meta":{"footnotes":""},"categories":[18,39,27],"tags":[],"class_list":["post-9527","post","type-post","status-publish","format-standard","has-post-thumbnail","hentry","category-notre-actualite","category-canivtt-canicross-canimarche","category-photos"],"_links":{"self":[{"href":"https:\/\/www.24hvttcrapauds.com\/AMSQ\/wp-json\/wp\/v2\/posts\/9527","targetHints":{"allow":["GET"]}}],"collection":[{"href":"https:\/\/www.24hvttcrapauds.com\/AMSQ\/wp-json\/wp\/v2\/posts"}],"about":[{"href":"https:\/\/www.24hvttcrapauds.com\/AMSQ\/wp-json\/wp\/v2\/types\/post"}],"author":[{"embeddable":true,"href":"https:\/\/www.24hvttcrapauds.com\/AMSQ\/wp-json\/wp\/v2\/users\/8"}],"replies":[{"embeddable":true,"href":"https:\/\/www.24hvttcrapauds.com\/AMSQ\/wp-json\/wp\/v2\/comments?post=9527"}],"version-history":[{"count":10,"href":"https:\/\/www.24hvttcrapauds.com\/AMSQ\/wp-json\/wp\/v2\/posts\/9527\/revisions"}],"predecessor-version":[{"id":9546,"href":"https:\/\/www.24hvttcrapauds.com\/AMSQ\/wp-json\/wp\/v2\/posts\/9527\/revisions\/9546"}],"wp:featuredmedia":[{"embeddable":true,"href":"https:\/\/www.24hvttcrapauds.com\/AMSQ\/wp-json\/wp\/v2\/media\/9530"}],"wp:attachment":[{"href":"https:\/\/www.24hvttcrapauds.com\/AMSQ\/wp-json\/wp\/v2\/media?parent=9527"}],"wp:term":[{"taxonomy":"category","embeddable":true,"href":"https:\/\/www.24hvttcrapauds.com\/AMSQ\/wp-json\/wp\/v2\/categories?post=9527"},{"taxonomy":"post_tag","embeddable":true,"href":"https:\/\/www.24hvttcrapauds.com\/AMSQ\/wp-json\/wp\/v2\/tags?post=9527"}],"curies":[{"name":"wp","href":"https:\/\/api.w.org\/{rel}","templated":true}]}}