{"id":7665,"date":"2022-09-09T16:31:23","date_gmt":"2022-09-09T15:31:23","guid":{"rendered":"https:\/\/www.24hvttcrapauds.com\/AMSQ\/?p=7665"},"modified":"2022-09-09T16:31:23","modified_gmt":"2022-09-09T15:31:23","slug":"2022-09-09-reprise-des-ecoles-vtt","status":"publish","type":"post","link":"https:\/\/www.24hvttcrapauds.com\/AMSQ\/2022\/09\/09\/2022-09-09-reprise-des-ecoles-vtt\/","title":{"rendered":"2022-09-09 Reprise des Ecoles Vtt"},"content":{"rendered":"\n<p>L&rsquo;\u00e9cole Vtt du Samedi a repris depuis le 3 septembre, peu de jeunes encore mais tout le monde n&rsquo;a pas encore repris ses marques cela va monter en puissance les samedis qui viennent. Mercredi 7 voyait la rentr\u00e9e de l&rsquo;\u00e9cole Vtt du mercredi, beaucoup de jeunes se sont d\u00e9j\u00e0 inscrits et r\u00e9inscrits. Belle ambiance pour ces premiers jours des reprises, les s\u00e9ances suivantes s&rsquo;annoncent anim\u00e9es les prochains samedis et mercredis. A bient\u00f4t \u00e0 tous !<\/p>\n\n\n\n<figure class=\"wp-block-image size-full\"><a href=\"https:\/\/photos.app.goo.gl\/khQj49QXAcXGDeNh8\" target=\"_blank\" rel=\"noreferrer noopener\"><img loading=\"lazy\" decoding=\"async\" width=\"799\" height=\"418\" src=\"https:\/\/www.24hvttcrapauds.com\/AMSQ\/wp-content\/uploads\/2022\/09\/2022-09-03-Samedi-Reprise-EVtt-013.jpg\" alt=\"\" class=\"wp-image-7666\" srcset=\"https:\/\/www.24hvttcrapauds.com\/AMSQ\/wp-content\/uploads\/2022\/09\/2022-09-03-Samedi-Reprise-EVtt-013.jpg 799w, https:\/\/www.24hvttcrapauds.com\/AMSQ\/wp-content\/uploads\/2022\/09\/2022-09-03-Samedi-Reprise-EVtt-013-300x157.jpg 300w, https:\/\/www.24hvttcrapauds.com\/AMSQ\/wp-content\/uploads\/2022\/09\/2022-09-03-Samedi-Reprise-EVtt-013-768x402.jpg 768w\" sizes=\"auto, (max-width: 799px) 100vw, 799px\" \/><\/a><figcaption>Ecole Vtt du Samedi 3 septembre cliquez sur le casque bleu \ud83d\ude09<\/figcaption><\/figure>\n\n\n\n<figure class=\"wp-block-image size-full\"><a href=\"https:\/\/photos.app.goo.gl\/Ws8PPKYU5VZwc2S76\" target=\"_blank\" rel=\"noreferrer noopener\"><img loading=\"lazy\" decoding=\"async\" width=\"799\" height=\"418\" src=\"https:\/\/www.24hvttcrapauds.com\/AMSQ\/wp-content\/uploads\/2022\/09\/2022-09-07-Reprise-Mercredi-EVtt-020.jpg\" alt=\"\" class=\"wp-image-7667\" srcset=\"https:\/\/www.24hvttcrapauds.com\/AMSQ\/wp-content\/uploads\/2022\/09\/2022-09-07-Reprise-Mercredi-EVtt-020.jpg 799w, https:\/\/www.24hvttcrapauds.com\/AMSQ\/wp-content\/uploads\/2022\/09\/2022-09-07-Reprise-Mercredi-EVtt-020-300x157.jpg 300w, https:\/\/www.24hvttcrapauds.com\/AMSQ\/wp-content\/uploads\/2022\/09\/2022-09-07-Reprise-Mercredi-EVtt-020-768x402.jpg 768w\" sizes=\"auto, (max-width: 799px) 100vw, 799px\" \/><\/a><figcaption>Ecole Vtt du Mercredi 7 cliquez sur un casque noir \ud83d\ude09<\/figcaption><\/figure>\n\n\n\n<p>D\u00e9sol\u00e9 pour la qualit\u00e9 des photos, un petit pb d&rsquo;objectif, d&rsquo;o\u00f9 le l\u00e9ger flou de certaines photos au zoom.<\/p>\n","protected":false},"excerpt":{"rendered":"<p>L&rsquo;\u00e9cole Vtt du Samedi a repris depuis le 3 septembre, peu de jeunes encore mais tout le monde n&rsquo;a pas encore repris ses marques cela &hellip; <\/p>\n","protected":false},"author":8,"featured_media":7668,"comment_status":"open","ping_status":"open","sticky":false,"template":"","format":"standard","meta":{"footnotes":""},"categories":[25,27],"tags":[],"class_list":["post-7665","post","type-post","status-publish","format-standard","has-post-thumbnail","hentry","category-ecole-vtt","category-photos"],"_links":{"self":[{"href":"https:\/\/www.24hvttcrapauds.com\/AMSQ\/wp-json\/wp\/v2\/posts\/7665","targetHints":{"allow":["GET"]}}],"collection":[{"href":"https:\/\/www.24hvttcrapauds.com\/AMSQ\/wp-json\/wp\/v2\/posts"}],"about":[{"href":"https:\/\/www.24hvttcrapauds.com\/AMSQ\/wp-json\/wp\/v2\/types\/post"}],"author":[{"embeddable":true,"href":"https:\/\/www.24hvttcrapauds.com\/AMSQ\/wp-json\/wp\/v2\/users\/8"}],"replies":[{"embeddable":true,"href":"https:\/\/www.24hvttcrapauds.com\/AMSQ\/wp-json\/wp\/v2\/comments?post=7665"}],"version-history":[{"count":2,"href":"https:\/\/www.24hvttcrapauds.com\/AMSQ\/wp-json\/wp\/v2\/posts\/7665\/revisions"}],"predecessor-version":[{"id":7670,"href":"https:\/\/www.24hvttcrapauds.com\/AMSQ\/wp-json\/wp\/v2\/posts\/7665\/revisions\/7670"}],"wp:featuredmedia":[{"embeddable":true,"href":"https:\/\/www.24hvttcrapauds.com\/AMSQ\/wp-json\/wp\/v2\/media\/7668"}],"wp:attachment":[{"href":"https:\/\/www.24hvttcrapauds.com\/AMSQ\/wp-json\/wp\/v2\/media?parent=7665"}],"wp:term":[{"taxonomy":"category","embeddable":true,"href":"https:\/\/www.24hvttcrapauds.com\/AMSQ\/wp-json\/wp\/v2\/categories?post=7665"},{"taxonomy":"post_tag","embeddable":true,"href":"https:\/\/www.24hvttcrapauds.com\/AMSQ\/wp-json\/wp\/v2\/tags?post=7665"}],"curies":[{"name":"wp","href":"https:\/\/api.w.org\/{rel}","templated":true}]}}