{"id":5505,"date":"2019-08-28T10:30:06","date_gmt":"2019-08-28T08:30:06","guid":{"rendered":"http:\/\/www.24hvttcrapauds.com\/AMSQ\/?p=5505"},"modified":"2019-09-04T06:52:54","modified_gmt":"2019-09-04T04:52:54","slug":"ecole-vtt","status":"publish","type":"post","link":"https:\/\/www.24hvttcrapauds.com\/AMSQ\/2019\/08\/28\/ecole-vtt\/","title":{"rendered":"Ecole Vtt"},"content":{"rendered":"\n<p><strong>ECOLE VTT du Mercredi :  Reprise et inscriptions mercredi 3 septembre \u00e0 partir de 13 h 30. <\/strong>                                                                          Trois groupes : 7-8 ans, 9-10 ans et 11-12 ans (13 ans d\u00e9butants, les jeunes confirm\u00e9s de ce groupe peuvent venir le mercredi et le samedi \u00e0 voir avec les \u00e9ducateurs). <\/p>\n\n\n\n<p>\nRenseignements Pascal : 03 87 32 57 67.\n\n<\/p>\n\n\n\n<figure class=\"wp-block-image\"><img loading=\"lazy\" decoding=\"async\" width=\"798\" height=\"415\" src=\"http:\/\/www.24hvttcrapauds.com\/AMSQ\/wp-content\/uploads\/2019\/03\/Image13.jpg\" alt=\"\" class=\"wp-image-5188\" srcset=\"https:\/\/www.24hvttcrapauds.com\/AMSQ\/wp-content\/uploads\/2019\/03\/Image13.jpg 798w, https:\/\/www.24hvttcrapauds.com\/AMSQ\/wp-content\/uploads\/2019\/03\/Image13-300x156.jpg 300w, https:\/\/www.24hvttcrapauds.com\/AMSQ\/wp-content\/uploads\/2019\/03\/Image13-768x399.jpg 768w\" sizes=\"auto, (max-width: 798px) 100vw, 798px\" \/><\/figure>\n\n\n\n<p><strong>Ecole  Vtt  du  mercredi  :  Nombre de places limit\u00e9 ! Avant de vous inscrire ou de vous r\u00e9-inscrire par internet, il faut venir voir au Gite \u00e0 Lessy s&rsquo;il reste des places dans les groupes.<\/strong><\/p>\n\n\n\n<p><strong> ECOLE VTT,   groupes adultes du Samedi  :<\/strong>  Reprise le samedi 6 septembre \u00e0 13 h 30.  Adultes et jeunes \u00e0 partir de 13 ans.<\/p>\n\n\n\n<figure class=\"wp-block-image\"><img loading=\"lazy\" decoding=\"async\" width=\"799\" height=\"415\" src=\"http:\/\/www.24hvttcrapauds.com\/AMSQ\/wp-content\/uploads\/2019\/03\/2019-03-23-EVtt-Sam-Corniches-007.jpg\" alt=\"\" class=\"wp-image-5196\" srcset=\"https:\/\/www.24hvttcrapauds.com\/AMSQ\/wp-content\/uploads\/2019\/03\/2019-03-23-EVtt-Sam-Corniches-007.jpg 799w, https:\/\/www.24hvttcrapauds.com\/AMSQ\/wp-content\/uploads\/2019\/03\/2019-03-23-EVtt-Sam-Corniches-007-300x156.jpg 300w, https:\/\/www.24hvttcrapauds.com\/AMSQ\/wp-content\/uploads\/2019\/03\/2019-03-23-EVtt-Sam-Corniches-007-768x399.jpg 768w\" sizes=\"auto, (max-width: 799px) 100vw, 799px\" \/><\/figure>\n\n\n\n<p><strong>Documents \u00e0 consulter ci dessous : <\/strong><\/p>\n","protected":false},"excerpt":{"rendered":"<p>ECOLE VTT du Mercredi : Reprise et inscriptions mercredi 3 septembre \u00e0 partir de 13 h 30. Trois groupes : 7-8 ans, 9-10 ans et &hellip; <\/p>\n","protected":false},"author":8,"featured_media":5245,"comment_status":"open","ping_status":"open","sticky":false,"template":"","format":"standard","meta":{"footnotes":""},"categories":[25],"tags":[],"class_list":["post-5505","post","type-post","status-publish","format-standard","has-post-thumbnail","hentry","category-ecole-vtt"],"_links":{"self":[{"href":"https:\/\/www.24hvttcrapauds.com\/AMSQ\/wp-json\/wp\/v2\/posts\/5505","targetHints":{"allow":["GET"]}}],"collection":[{"href":"https:\/\/www.24hvttcrapauds.com\/AMSQ\/wp-json\/wp\/v2\/posts"}],"about":[{"href":"https:\/\/www.24hvttcrapauds.com\/AMSQ\/wp-json\/wp\/v2\/types\/post"}],"author":[{"embeddable":true,"href":"https:\/\/www.24hvttcrapauds.com\/AMSQ\/wp-json\/wp\/v2\/users\/8"}],"replies":[{"embeddable":true,"href":"https:\/\/www.24hvttcrapauds.com\/AMSQ\/wp-json\/wp\/v2\/comments?post=5505"}],"version-history":[{"count":11,"href":"https:\/\/www.24hvttcrapauds.com\/AMSQ\/wp-json\/wp\/v2\/posts\/5505\/revisions"}],"predecessor-version":[{"id":5527,"href":"https:\/\/www.24hvttcrapauds.com\/AMSQ\/wp-json\/wp\/v2\/posts\/5505\/revisions\/5527"}],"wp:featuredmedia":[{"embeddable":true,"href":"https:\/\/www.24hvttcrapauds.com\/AMSQ\/wp-json\/wp\/v2\/media\/5245"}],"wp:attachment":[{"href":"https:\/\/www.24hvttcrapauds.com\/AMSQ\/wp-json\/wp\/v2\/media?parent=5505"}],"wp:term":[{"taxonomy":"category","embeddable":true,"href":"https:\/\/www.24hvttcrapauds.com\/AMSQ\/wp-json\/wp\/v2\/categories?post=5505"},{"taxonomy":"post_tag","embeddable":true,"href":"https:\/\/www.24hvttcrapauds.com\/AMSQ\/wp-json\/wp\/v2\/tags?post=5505"}],"curies":[{"name":"wp","href":"https:\/\/api.w.org\/{rel}","templated":true}]}}