{"id":3386,"date":"2017-05-31T21:25:35","date_gmt":"2017-05-31T19:25:35","guid":{"rendered":"http:\/\/www.24hvttcrapauds.com\/AMSQ\/?p=3386"},"modified":"2017-10-07T09:58:06","modified_gmt":"2017-10-07T07:58:06","slug":"2017-05-31-crapauds-chantiers-du-mercredi","status":"publish","type":"post","link":"https:\/\/www.24hvttcrapauds.com\/AMSQ\/2017\/05\/31\/2017-05-31-crapauds-chantiers-du-mercredi\/","title":{"rendered":"2017-05-31 Crapauds : Chantiers du Mercredi"},"content":{"rendered":"<p><a href=\"https:\/\/goo.gl\/photos\/tLXpXZF9kjWRozwq8\" target=\"_blank\" rel=\"noopener noreferrer\"><img loading=\"lazy\" decoding=\"async\" class=\"alignnone size-medium wp-image-3387\" src=\"http:\/\/www.24hvttcrapauds.com\/AMSQ\/wp-content\/uploads\/2017\/05\/2017-05-002-300x200.jpg\" alt=\"\" width=\"300\" height=\"200\" srcset=\"https:\/\/www.24hvttcrapauds.com\/AMSQ\/wp-content\/uploads\/2017\/05\/2017-05-002-300x200.jpg 300w, https:\/\/www.24hvttcrapauds.com\/AMSQ\/wp-content\/uploads\/2017\/05\/2017-05-002-768x512.jpg 768w, https:\/\/www.24hvttcrapauds.com\/AMSQ\/wp-content\/uploads\/2017\/05\/2017-05-002.jpg 800w\" sizes=\"auto, (max-width: 300px) 100vw, 300px\" \/><\/a><\/p>\n<p>Mercredi 31 mai, sur le plateau de Rozerieulles les pr\u00e9paratifs des Crapauds continuent. Vu du ciel le site r\u00e9v\u00e8le sa vraie dimension. L&rsquo;implantation des tentes et du chapiteau est termin\u00e9e. Quelques allers-retours \u00e0 notre \u00ab\u00a0d\u00e9p\u00f4t\u00a0\u00bb pour amener le mat\u00e9riel restant et tout est l\u00e0, enfin presque (faut quand m\u00eame en garder un peu pour demain !). Construction des \u00ab\u00a0Paillottes\u00a0\u00bb, installations r\u00e9seau \u00e9lectrique et eau (plus d&rsquo;un km de PE \u00e0 d\u00e9rouler parsem\u00e9 de points d&rsquo;eau), arriv\u00e9e des quads pour la s\u00e9cu et surtout arriv\u00e9e des futs de bi\u00e8re !!! Au repas un petit temps pour consulter la presse et en fin d&rsquo;apr\u00e8s-midi on pr\u00e9pare le jeudi sous la tente.<\/p>\n<p>Cliquez sur l&rsquo;mage.<\/p>\n","protected":false},"excerpt":{"rendered":"<p>Mercredi 31 mai, sur le plateau de Rozerieulles les pr\u00e9paratifs des Crapauds continuent. Vu du ciel le site r\u00e9v\u00e8le sa vraie dimension. L&rsquo;implantation des tentes &hellip; <\/p>\n","protected":false},"author":8,"featured_media":3387,"comment_status":"open","ping_status":"open","sticky":false,"template":"","format":"standard","meta":{"footnotes":""},"categories":[27],"tags":[],"class_list":["post-3386","post","type-post","status-publish","format-standard","has-post-thumbnail","hentry","category-photos"],"_links":{"self":[{"href":"https:\/\/www.24hvttcrapauds.com\/AMSQ\/wp-json\/wp\/v2\/posts\/3386","targetHints":{"allow":["GET"]}}],"collection":[{"href":"https:\/\/www.24hvttcrapauds.com\/AMSQ\/wp-json\/wp\/v2\/posts"}],"about":[{"href":"https:\/\/www.24hvttcrapauds.com\/AMSQ\/wp-json\/wp\/v2\/types\/post"}],"author":[{"embeddable":true,"href":"https:\/\/www.24hvttcrapauds.com\/AMSQ\/wp-json\/wp\/v2\/users\/8"}],"replies":[{"embeddable":true,"href":"https:\/\/www.24hvttcrapauds.com\/AMSQ\/wp-json\/wp\/v2\/comments?post=3386"}],"version-history":[{"count":1,"href":"https:\/\/www.24hvttcrapauds.com\/AMSQ\/wp-json\/wp\/v2\/posts\/3386\/revisions"}],"predecessor-version":[{"id":3388,"href":"https:\/\/www.24hvttcrapauds.com\/AMSQ\/wp-json\/wp\/v2\/posts\/3386\/revisions\/3388"}],"wp:featuredmedia":[{"embeddable":true,"href":"https:\/\/www.24hvttcrapauds.com\/AMSQ\/wp-json\/wp\/v2\/media\/3387"}],"wp:attachment":[{"href":"https:\/\/www.24hvttcrapauds.com\/AMSQ\/wp-json\/wp\/v2\/media?parent=3386"}],"wp:term":[{"taxonomy":"category","embeddable":true,"href":"https:\/\/www.24hvttcrapauds.com\/AMSQ\/wp-json\/wp\/v2\/categories?post=3386"},{"taxonomy":"post_tag","embeddable":true,"href":"https:\/\/www.24hvttcrapauds.com\/AMSQ\/wp-json\/wp\/v2\/tags?post=3386"}],"curies":[{"name":"wp","href":"https:\/\/api.w.org\/{rel}","templated":true}]}}